{"id":4867,"date":"2024-05-13T06:18:29","date_gmt":"2024-05-13T06:18:29","guid":{"rendered":"https:\/\/lovelybrows.ch\/ouverture-du-brow-bar-de-zurich-le-16-mai\/"},"modified":"2024-05-13T06:21:14","modified_gmt":"2024-05-13T06:21:14","slug":"ouverture-du-brow-bar-de-zurich-le-16-mai","status":"publish","type":"post","link":"https:\/\/lovelybrows.ch\/fr\/ouverture-du-brow-bar-de-zurich-le-16-mai\/","title":{"rendered":"Ouverture du Brow Bar de Zurich le 16 mai"},"content":{"rendered":"\n<p>Le 16 mai, nous ouvrons notre Brow Bar dans le centre-ville de Zurich ! Le Brow Bar, au design moderne, b\u00e9n\u00e9ficie d&rsquo;un excellent emplacement dans la Stauffacherstrasse 98, dans le Kreis 4, juste \u00e0 c\u00f4t\u00e9 de l&rsquo;Helvetiaplatz.<\/p>\n\n<p>Pour cette occasion sp\u00e9ciale, nous vous proposons une offre d&rsquo;ouverture exclusive : profitez de notre stylisation des sourcils \u00e0 moiti\u00e9 prix. Pour seulement 12 CHF, vous obtiendrez des sourcils parfaitement form\u00e9s et stylis\u00e9s. De plus, nous proposons notre tr\u00e8s convoit\u00e9 abonnement de 10 s\u00e9ances de traitement des sourcils avec une r\u00e9duction de 20 CHF. Ainsi, l&rsquo;abonnement ne co\u00fbte que 179 CHF, soit 17,90 CHF par traitement. Ces offres sp\u00e9ciales sont valables jusqu&rsquo;au 1er juin 2024.<\/p>\n\n<p><strong>Horaires d&rsquo;ouverture :<\/strong><br\/>Jeudi et vendredi : 10h00 &#8211; 20h00<br\/>Samedi : 09:00 &#8211; 18:00 heures<\/p>\n\n<p><strong>Arriv\u00e9e :<\/strong><br\/>Nous vous recommandons d&rsquo;utiliser les transports publics pour vous rendre \u00e0 l&rsquo;arr\u00eat Helvetiaplatz. L&rsquo;arr\u00eat Stauffacher se trouve \u00e0 environ cinq minutes \u00e0 pied de notre site. Veuillez noter qu&rsquo;aucun parking client n&rsquo;est disponible. Cependant, vous trouverez plusieurs parkings couverts et zones bleues \u00e0 proximit\u00e9.<\/p>\n\n<p>Nous sommes impatients de vous accueillir dans notre nouveau Brow Bar et de vous faire vivre une exp\u00e9rience de beaut\u00e9 exceptionnelle.<\/p>\n\n<p>Si vous avez des questions, n&rsquo;h\u00e9sitez pas \u00e0 nous contacter par WhatsApp au +41 77 447 09 90 ou par e-mail \u00e0 welcome@lovelybrows.ch.<\/p>\n","protected":false},"excerpt":{"rendered":"<p>Le 16 mai, nous ouvrons notre Brow Bar dans le centre-ville de Zurich ! Le Brow Bar, au design moderne, b\u00e9n\u00e9ficie d&rsquo;un excellent emplacement dans la Stauffacherstrasse 98, dans le Kreis 4, juste \u00e0 c\u00f4t\u00e9 de l&rsquo;Helvetiaplatz. Pour cette occasion sp\u00e9ciale, nous vous proposons une offre d&rsquo;ouverture exclusive : profitez de notre stylisation des sourcils &#8230; <a title=\"Ouverture du Brow Bar de Zurich le 16 mai\" class=\"read-more\" href=\"https:\/\/lovelybrows.ch\/fr\/ouverture-du-brow-bar-de-zurich-le-16-mai\/\" aria-label=\"Plus sur Ouverture du Brow Bar de Zurich le 16 mai\">Lire plus<\/a><\/p>\n","protected":false},"author":1,"featured_media":4876,"comment_status":"closed","ping_status":"open","sticky":false,"template":"","format":"standard","meta":{"_jetpack_memberships_contains_paid_content":false,"footnotes":""},"categories":[26],"tags":[],"class_list":["post-4867","post","type-post","status-publish","format-standard","has-post-thumbnail","hentry","category-non-classifiee"],"yoast_head":"<!-- This site is optimized with the Yoast SEO plugin v27.4 - https:\/\/yoast.com\/product\/yoast-seo-wordpress\/ -->\n<title>Ouverture du Brow Bar de Zurich le 16 mai | Lovely Brows - perfekte Augenbrauen &amp; Wimpern<\/title>\n<meta name=\"robots\" content=\"index, follow, max-snippet:-1, max-image-preview:large, max-video-preview:-1\" \/>\n<link rel=\"canonical\" href=\"https:\/\/lovelybrows.ch\/fr\/ouverture-du-brow-bar-de-zurich-le-16-mai\/\" \/>\n<meta property=\"og:locale\" content=\"fr_FR\" \/>\n<meta property=\"og:type\" content=\"article\" \/>\n<meta property=\"og:title\" content=\"Ouverture du Brow Bar de Zurich le 16 mai | Lovely Brows - perfekte Augenbrauen &amp; Wimpern\" \/>\n<meta property=\"og:description\" content=\"Le 16 mai, nous ouvrons notre Brow Bar dans le centre-ville de Zurich ! Le Brow Bar, au design moderne, b\u00e9n\u00e9ficie d&rsquo;un excellent emplacement dans la Stauffacherstrasse 98, dans le Kreis 4, juste \u00e0 c\u00f4t\u00e9 de l&rsquo;Helvetiaplatz. Pour cette occasion sp\u00e9ciale, nous vous proposons une offre d&rsquo;ouverture exclusive : profitez de notre stylisation des sourcils ... Lire plus\" \/>\n<meta property=\"og:url\" content=\"https:\/\/lovelybrows.ch\/fr\/ouverture-du-brow-bar-de-zurich-le-16-mai\/\" \/>\n<meta property=\"og:site_name\" content=\"Lovely Brows - perfekte Augenbrauen &amp; Wimpern\" \/>\n<meta property=\"article:publisher\" content=\"https:\/\/www.facebook.com\/lovelybrows\" \/>\n<meta property=\"article:published_time\" content=\"2024-05-13T06:18:29+00:00\" \/>\n<meta property=\"article:modified_time\" content=\"2024-05-13T06:21:14+00:00\" \/>\n<meta property=\"og:image\" content=\"https:\/\/lovelybrows.ch\/wp-content\/uploads\/2024\/05\/opening-may-16-1.png\" \/>\n\t<meta property=\"og:image:width\" content=\"800\" \/>\n\t<meta property=\"og:image:height\" content=\"533\" \/>\n\t<meta property=\"og:image:type\" content=\"image\/png\" \/>\n<meta name=\"author\" content=\"vbhdh\" \/>\n<meta name=\"twitter:card\" content=\"summary_large_image\" \/>\n<meta name=\"twitter:label1\" content=\"\u00c9crit par\" \/>\n\t<meta name=\"twitter:data1\" content=\"vbhdh\" \/>\n\t<meta name=\"twitter:label2\" content=\"Dur\u00e9e de lecture estim\u00e9e\" \/>\n\t<meta name=\"twitter:data2\" content=\"1 minute\" \/>\n<script type=\"application\/ld+json\" class=\"yoast-schema-graph\">{\"@context\":\"https:\\\/\\\/schema.org\",\"@graph\":[{\"@type\":\"Article\",\"@id\":\"https:\\\/\\\/lovelybrows.ch\\\/fr\\\/ouverture-du-brow-bar-de-zurich-le-16-mai\\\/#article\",\"isPartOf\":{\"@id\":\"https:\\\/\\\/lovelybrows.ch\\\/fr\\\/ouverture-du-brow-bar-de-zurich-le-16-mai\\\/\"},\"author\":{\"name\":\"vbhdh\",\"@id\":\"https:\\\/\\\/lovelybrows.ch\\\/#\\\/schema\\\/person\\\/97c819d63170aafea5b16b688523b06b\"},\"headline\":\"Ouverture du Brow Bar de Zurich le 16 mai\",\"datePublished\":\"2024-05-13T06:18:29+00:00\",\"dateModified\":\"2024-05-13T06:21:14+00:00\",\"mainEntityOfPage\":{\"@id\":\"https:\\\/\\\/lovelybrows.ch\\\/fr\\\/ouverture-du-brow-bar-de-zurich-le-16-mai\\\/\"},\"wordCount\":226,\"publisher\":{\"@id\":\"https:\\\/\\\/lovelybrows.ch\\\/#organization\"},\"image\":{\"@id\":\"https:\\\/\\\/lovelybrows.ch\\\/fr\\\/ouverture-du-brow-bar-de-zurich-le-16-mai\\\/#primaryimage\"},\"thumbnailUrl\":\"https:\\\/\\\/lovelybrows.ch\\\/wp-content\\\/uploads\\\/2024\\\/05\\\/opening-may-16-1.png\",\"articleSection\":[\"Non classifi\u00e9(e)\"],\"inLanguage\":\"fr-FR\"},{\"@type\":\"WebPage\",\"@id\":\"https:\\\/\\\/lovelybrows.ch\\\/fr\\\/ouverture-du-brow-bar-de-zurich-le-16-mai\\\/\",\"url\":\"https:\\\/\\\/lovelybrows.ch\\\/fr\\\/ouverture-du-brow-bar-de-zurich-le-16-mai\\\/\",\"name\":\"Ouverture du Brow Bar de Zurich le 16 mai | Lovely Brows - perfekte Augenbrauen &amp; Wimpern\",\"isPartOf\":{\"@id\":\"https:\\\/\\\/lovelybrows.ch\\\/#website\"},\"primaryImageOfPage\":{\"@id\":\"https:\\\/\\\/lovelybrows.ch\\\/fr\\\/ouverture-du-brow-bar-de-zurich-le-16-mai\\\/#primaryimage\"},\"image\":{\"@id\":\"https:\\\/\\\/lovelybrows.ch\\\/fr\\\/ouverture-du-brow-bar-de-zurich-le-16-mai\\\/#primaryimage\"},\"thumbnailUrl\":\"https:\\\/\\\/lovelybrows.ch\\\/wp-content\\\/uploads\\\/2024\\\/05\\\/opening-may-16-1.png\",\"datePublished\":\"2024-05-13T06:18:29+00:00\",\"dateModified\":\"2024-05-13T06:21:14+00:00\",\"breadcrumb\":{\"@id\":\"https:\\\/\\\/lovelybrows.ch\\\/fr\\\/ouverture-du-brow-bar-de-zurich-le-16-mai\\\/#breadcrumb\"},\"inLanguage\":\"fr-FR\",\"potentialAction\":[{\"@type\":\"ReadAction\",\"target\":[\"https:\\\/\\\/lovelybrows.ch\\\/fr\\\/ouverture-du-brow-bar-de-zurich-le-16-mai\\\/\"]}]},{\"@type\":\"ImageObject\",\"inLanguage\":\"fr-FR\",\"@id\":\"https:\\\/\\\/lovelybrows.ch\\\/fr\\\/ouverture-du-brow-bar-de-zurich-le-16-mai\\\/#primaryimage\",\"url\":\"https:\\\/\\\/lovelybrows.ch\\\/wp-content\\\/uploads\\\/2024\\\/05\\\/opening-may-16-1.png\",\"contentUrl\":\"https:\\\/\\\/lovelybrows.ch\\\/wp-content\\\/uploads\\\/2024\\\/05\\\/opening-may-16-1.png\",\"width\":800,\"height\":533},{\"@type\":\"BreadcrumbList\",\"@id\":\"https:\\\/\\\/lovelybrows.ch\\\/fr\\\/ouverture-du-brow-bar-de-zurich-le-16-mai\\\/#breadcrumb\",\"itemListElement\":[{\"@type\":\"ListItem\",\"position\":1,\"name\":\"Startseite\",\"item\":\"https:\\\/\\\/lovelybrows.ch\\\/fr\\\/\"},{\"@type\":\"ListItem\",\"position\":2,\"name\":\"Ouverture du Brow Bar de Zurich le 16 mai\"}]},{\"@type\":\"WebSite\",\"@id\":\"https:\\\/\\\/lovelybrows.ch\\\/#website\",\"url\":\"https:\\\/\\\/lovelybrows.ch\\\/\",\"name\":\"Lovely Brows - perfekte Augenbrauen &amp; Wimpern\",\"description\":\"Perfekte Wimpern und Augenbrauen ohne Termin.\",\"publisher\":{\"@id\":\"https:\\\/\\\/lovelybrows.ch\\\/#organization\"},\"potentialAction\":[{\"@type\":\"SearchAction\",\"target\":{\"@type\":\"EntryPoint\",\"urlTemplate\":\"https:\\\/\\\/lovelybrows.ch\\\/?s={search_term_string}\"},\"query-input\":{\"@type\":\"PropertyValueSpecification\",\"valueRequired\":true,\"valueName\":\"search_term_string\"}}],\"inLanguage\":\"fr-FR\"},{\"@type\":\"Organization\",\"@id\":\"https:\\\/\\\/lovelybrows.ch\\\/#organization\",\"name\":\"Lovely Brows GmbH\",\"url\":\"https:\\\/\\\/lovelybrows.ch\\\/\",\"logo\":{\"@type\":\"ImageObject\",\"inLanguage\":\"fr-FR\",\"@id\":\"https:\\\/\\\/lovelybrows.ch\\\/#\\\/schema\\\/logo\\\/image\\\/\",\"url\":\"https:\\\/\\\/neu.lovelybrows.cyon.site\\\/neu\\\/wp-content\\\/uploads\\\/2021\\\/12\\\/lovely-brows-Logo_rgb-1.png\",\"contentUrl\":\"https:\\\/\\\/neu.lovelybrows.cyon.site\\\/neu\\\/wp-content\\\/uploads\\\/2021\\\/12\\\/lovely-brows-Logo_rgb-1.png\",\"width\":1576,\"height\":222,\"caption\":\"Lovely Brows GmbH\"},\"image\":{\"@id\":\"https:\\\/\\\/lovelybrows.ch\\\/#\\\/schema\\\/logo\\\/image\\\/\"},\"sameAs\":[\"https:\\\/\\\/www.facebook.com\\\/lovelybrows\",\"https:\\\/\\\/www.instagram.com\\\/lovelybrows_eyebrowdesign\\\/\",\"https:\\\/\\\/www.youtube.com\\\/channel\\\/UCDgUTnGnEDmOrZiwBZS6zOQ\"]},{\"@type\":\"Person\",\"@id\":\"https:\\\/\\\/lovelybrows.ch\\\/#\\\/schema\\\/person\\\/97c819d63170aafea5b16b688523b06b\",\"name\":\"vbhdh\",\"image\":{\"@type\":\"ImageObject\",\"inLanguage\":\"fr-FR\",\"@id\":\"https:\\\/\\\/secure.gravatar.com\\\/avatar\\\/78bc7c83cf60e92a49dbe4545e702096285cea19595acef9e956561d5d49abeb?s=96&d=mm&r=g\",\"url\":\"https:\\\/\\\/secure.gravatar.com\\\/avatar\\\/78bc7c83cf60e92a49dbe4545e702096285cea19595acef9e956561d5d49abeb?s=96&d=mm&r=g\",\"contentUrl\":\"https:\\\/\\\/secure.gravatar.com\\\/avatar\\\/78bc7c83cf60e92a49dbe4545e702096285cea19595acef9e956561d5d49abeb?s=96&d=mm&r=g\",\"caption\":\"vbhdh\"},\"sameAs\":[\"https:\\\/\\\/neu.lovelybrows.cyon.site\\\/neu\"],\"url\":\"https:\\\/\\\/lovelybrows.ch\\\/fr\\\/author\\\/vbhdh\\\/\"}]}<\/script>\n<!-- \/ Yoast SEO plugin. -->","yoast_head_json":{"title":"Ouverture du Brow Bar de Zurich le 16 mai | Lovely Brows - perfekte Augenbrauen &amp; Wimpern","robots":{"index":"index","follow":"follow","max-snippet":"max-snippet:-1","max-image-preview":"max-image-preview:large","max-video-preview":"max-video-preview:-1"},"canonical":"https:\/\/lovelybrows.ch\/fr\/ouverture-du-brow-bar-de-zurich-le-16-mai\/","og_locale":"fr_FR","og_type":"article","og_title":"Ouverture du Brow Bar de Zurich le 16 mai | Lovely Brows - perfekte Augenbrauen &amp; Wimpern","og_description":"Le 16 mai, nous ouvrons notre Brow Bar dans le centre-ville de Zurich ! Le Brow Bar, au design moderne, b\u00e9n\u00e9ficie d&rsquo;un excellent emplacement dans la Stauffacherstrasse 98, dans le Kreis 4, juste \u00e0 c\u00f4t\u00e9 de l&rsquo;Helvetiaplatz. Pour cette occasion sp\u00e9ciale, nous vous proposons une offre d&rsquo;ouverture exclusive : profitez de notre stylisation des sourcils ... Lire plus","og_url":"https:\/\/lovelybrows.ch\/fr\/ouverture-du-brow-bar-de-zurich-le-16-mai\/","og_site_name":"Lovely Brows - perfekte Augenbrauen &amp; Wimpern","article_publisher":"https:\/\/www.facebook.com\/lovelybrows","article_published_time":"2024-05-13T06:18:29+00:00","article_modified_time":"2024-05-13T06:21:14+00:00","og_image":[{"width":800,"height":533,"url":"https:\/\/lovelybrows.ch\/wp-content\/uploads\/2024\/05\/opening-may-16-1.png","type":"image\/png"}],"author":"vbhdh","twitter_card":"summary_large_image","twitter_misc":{"\u00c9crit par":"vbhdh","Dur\u00e9e de lecture estim\u00e9e":"1 minute"},"schema":{"@context":"https:\/\/schema.org","@graph":[{"@type":"Article","@id":"https:\/\/lovelybrows.ch\/fr\/ouverture-du-brow-bar-de-zurich-le-16-mai\/#article","isPartOf":{"@id":"https:\/\/lovelybrows.ch\/fr\/ouverture-du-brow-bar-de-zurich-le-16-mai\/"},"author":{"name":"vbhdh","@id":"https:\/\/lovelybrows.ch\/#\/schema\/person\/97c819d63170aafea5b16b688523b06b"},"headline":"Ouverture du Brow Bar de Zurich le 16 mai","datePublished":"2024-05-13T06:18:29+00:00","dateModified":"2024-05-13T06:21:14+00:00","mainEntityOfPage":{"@id":"https:\/\/lovelybrows.ch\/fr\/ouverture-du-brow-bar-de-zurich-le-16-mai\/"},"wordCount":226,"publisher":{"@id":"https:\/\/lovelybrows.ch\/#organization"},"image":{"@id":"https:\/\/lovelybrows.ch\/fr\/ouverture-du-brow-bar-de-zurich-le-16-mai\/#primaryimage"},"thumbnailUrl":"https:\/\/lovelybrows.ch\/wp-content\/uploads\/2024\/05\/opening-may-16-1.png","articleSection":["Non classifi\u00e9(e)"],"inLanguage":"fr-FR"},{"@type":"WebPage","@id":"https:\/\/lovelybrows.ch\/fr\/ouverture-du-brow-bar-de-zurich-le-16-mai\/","url":"https:\/\/lovelybrows.ch\/fr\/ouverture-du-brow-bar-de-zurich-le-16-mai\/","name":"Ouverture du Brow Bar de Zurich le 16 mai | Lovely Brows - perfekte Augenbrauen &amp; Wimpern","isPartOf":{"@id":"https:\/\/lovelybrows.ch\/#website"},"primaryImageOfPage":{"@id":"https:\/\/lovelybrows.ch\/fr\/ouverture-du-brow-bar-de-zurich-le-16-mai\/#primaryimage"},"image":{"@id":"https:\/\/lovelybrows.ch\/fr\/ouverture-du-brow-bar-de-zurich-le-16-mai\/#primaryimage"},"thumbnailUrl":"https:\/\/lovelybrows.ch\/wp-content\/uploads\/2024\/05\/opening-may-16-1.png","datePublished":"2024-05-13T06:18:29+00:00","dateModified":"2024-05-13T06:21:14+00:00","breadcrumb":{"@id":"https:\/\/lovelybrows.ch\/fr\/ouverture-du-brow-bar-de-zurich-le-16-mai\/#breadcrumb"},"inLanguage":"fr-FR","potentialAction":[{"@type":"ReadAction","target":["https:\/\/lovelybrows.ch\/fr\/ouverture-du-brow-bar-de-zurich-le-16-mai\/"]}]},{"@type":"ImageObject","inLanguage":"fr-FR","@id":"https:\/\/lovelybrows.ch\/fr\/ouverture-du-brow-bar-de-zurich-le-16-mai\/#primaryimage","url":"https:\/\/lovelybrows.ch\/wp-content\/uploads\/2024\/05\/opening-may-16-1.png","contentUrl":"https:\/\/lovelybrows.ch\/wp-content\/uploads\/2024\/05\/opening-may-16-1.png","width":800,"height":533},{"@type":"BreadcrumbList","@id":"https:\/\/lovelybrows.ch\/fr\/ouverture-du-brow-bar-de-zurich-le-16-mai\/#breadcrumb","itemListElement":[{"@type":"ListItem","position":1,"name":"Startseite","item":"https:\/\/lovelybrows.ch\/fr\/"},{"@type":"ListItem","position":2,"name":"Ouverture du Brow Bar de Zurich le 16 mai"}]},{"@type":"WebSite","@id":"https:\/\/lovelybrows.ch\/#website","url":"https:\/\/lovelybrows.ch\/","name":"Lovely Brows - perfekte Augenbrauen &amp; Wimpern","description":"Perfekte Wimpern und Augenbrauen ohne Termin.","publisher":{"@id":"https:\/\/lovelybrows.ch\/#organization"},"potentialAction":[{"@type":"SearchAction","target":{"@type":"EntryPoint","urlTemplate":"https:\/\/lovelybrows.ch\/?s={search_term_string}"},"query-input":{"@type":"PropertyValueSpecification","valueRequired":true,"valueName":"search_term_string"}}],"inLanguage":"fr-FR"},{"@type":"Organization","@id":"https:\/\/lovelybrows.ch\/#organization","name":"Lovely Brows GmbH","url":"https:\/\/lovelybrows.ch\/","logo":{"@type":"ImageObject","inLanguage":"fr-FR","@id":"https:\/\/lovelybrows.ch\/#\/schema\/logo\/image\/","url":"https:\/\/neu.lovelybrows.cyon.site\/neu\/wp-content\/uploads\/2021\/12\/lovely-brows-Logo_rgb-1.png","contentUrl":"https:\/\/neu.lovelybrows.cyon.site\/neu\/wp-content\/uploads\/2021\/12\/lovely-brows-Logo_rgb-1.png","width":1576,"height":222,"caption":"Lovely Brows GmbH"},"image":{"@id":"https:\/\/lovelybrows.ch\/#\/schema\/logo\/image\/"},"sameAs":["https:\/\/www.facebook.com\/lovelybrows","https:\/\/www.instagram.com\/lovelybrows_eyebrowdesign\/","https:\/\/www.youtube.com\/channel\/UCDgUTnGnEDmOrZiwBZS6zOQ"]},{"@type":"Person","@id":"https:\/\/lovelybrows.ch\/#\/schema\/person\/97c819d63170aafea5b16b688523b06b","name":"vbhdh","image":{"@type":"ImageObject","inLanguage":"fr-FR","@id":"https:\/\/secure.gravatar.com\/avatar\/78bc7c83cf60e92a49dbe4545e702096285cea19595acef9e956561d5d49abeb?s=96&d=mm&r=g","url":"https:\/\/secure.gravatar.com\/avatar\/78bc7c83cf60e92a49dbe4545e702096285cea19595acef9e956561d5d49abeb?s=96&d=mm&r=g","contentUrl":"https:\/\/secure.gravatar.com\/avatar\/78bc7c83cf60e92a49dbe4545e702096285cea19595acef9e956561d5d49abeb?s=96&d=mm&r=g","caption":"vbhdh"},"sameAs":["https:\/\/neu.lovelybrows.cyon.site\/neu"],"url":"https:\/\/lovelybrows.ch\/fr\/author\/vbhdh\/"}]}},"jetpack_featured_media_url":"https:\/\/lovelybrows.ch\/wp-content\/uploads\/2024\/05\/opening-may-16-1.png","jetpack_sharing_enabled":true,"_links":{"self":[{"href":"https:\/\/lovelybrows.ch\/fr\/wp-json\/wp\/v2\/posts\/4867","targetHints":{"allow":["GET"]}}],"collection":[{"href":"https:\/\/lovelybrows.ch\/fr\/wp-json\/wp\/v2\/posts"}],"about":[{"href":"https:\/\/lovelybrows.ch\/fr\/wp-json\/wp\/v2\/types\/post"}],"author":[{"embeddable":true,"href":"https:\/\/lovelybrows.ch\/fr\/wp-json\/wp\/v2\/users\/1"}],"replies":[{"embeddable":true,"href":"https:\/\/lovelybrows.ch\/fr\/wp-json\/wp\/v2\/comments?post=4867"}],"version-history":[{"count":3,"href":"https:\/\/lovelybrows.ch\/fr\/wp-json\/wp\/v2\/posts\/4867\/revisions"}],"predecessor-version":[{"id":4873,"href":"https:\/\/lovelybrows.ch\/fr\/wp-json\/wp\/v2\/posts\/4867\/revisions\/4873"}],"wp:featuredmedia":[{"embeddable":true,"href":"https:\/\/lovelybrows.ch\/fr\/wp-json\/wp\/v2\/media\/4876"}],"wp:attachment":[{"href":"https:\/\/lovelybrows.ch\/fr\/wp-json\/wp\/v2\/media?parent=4867"}],"wp:term":[{"taxonomy":"category","embeddable":true,"href":"https:\/\/lovelybrows.ch\/fr\/wp-json\/wp\/v2\/categories?post=4867"},{"taxonomy":"post_tag","embeddable":true,"href":"https:\/\/lovelybrows.ch\/fr\/wp-json\/wp\/v2\/tags?post=4867"}],"curies":[{"name":"wp","href":"https:\/\/api.w.org\/{rel}","templated":true}]}}