{"id":2457,"date":"2022-03-07T07:15:15","date_gmt":"2022-03-07T07:15:15","guid":{"rendered":"https:\/\/lovelybrows.ch\/2022\/03\/07\/nous-fetons-les-5-ans-de-lovely-brows\/"},"modified":"2023-03-02T15:21:36","modified_gmt":"2023-03-02T15:21:36","slug":"nous-fetons-les-5-ans-de-lovely-brows","status":"publish","type":"post","link":"https:\/\/lovelybrows.ch\/fr\/nous-fetons-les-5-ans-de-lovely-brows\/","title":{"rendered":"Nous f\u00eatons les 5 ans de Lovely Brows"},"content":{"rendered":"\n<p>Il y a exactement cinq ans, nous avons ouvert le premier Brow Bar \u00e0 Berne. Maintenant, quelques ann\u00e9es plus tard, nous sommes l\u00e0 pour nos clients dans cinq villes avec 20 employ\u00e9s. Nous ne devons tout cela qu&rsquo;\u00e0 nos fid\u00e8les clients. Merci beaucoup pour votre soutien, m\u00eame dans les moments difficiles comme la pand\u00e9mie !<\/p>\n\n<p>Pour le mois anniversaire de mars, nous avons une offre int\u00e9ressante pour nos clients r\u00e9guliers. Avec l&rsquo;abonnement 10, tous les clients b\u00e9n\u00e9ficient d&rsquo;une remise de 10% sur tous les autres soins et tous les produits jusqu&rsquo;\u00e0 fin mars. Pr\u00e9sentez simplement votre abonnement \u00e0 la caisse et une remise de 10% sera cr\u00e9dit\u00e9e sur tous les autres soins et produits.<br\/><br\/>Nous serions heureux de vous accueillir \u00e0 nouveau dans le mois anniversaire!<br\/><\/p>\n\n<p>Vous n&rsquo;avez pas encore d&rsquo;abonnement 10 ? Vous \u00eates invit\u00e9s \u00e0 le commander en ligne <a href=\"https:\/\/lovelybrows.ch\/fr\/produkt\/joli-sourcils-traitement-10-abonnement\/\"><strong>ici<\/strong><\/a> .<br\/><\/p>\n","protected":false},"excerpt":{"rendered":"<p>Il y a exactement cinq ans, nous avons ouvert le premier Brow Bar \u00e0 Berne. Maintenant, quelques ann\u00e9es plus tard, nous sommes l\u00e0 pour nos clients dans cinq villes avec 20 employ\u00e9s. Nous ne devons tout cela qu&rsquo;\u00e0 nos fid\u00e8les clients. Merci beaucoup pour votre soutien, m\u00eame dans les moments difficiles comme la pand\u00e9mie ! &#8230; <a title=\"Nous f\u00eatons les 5 ans de Lovely Brows\" class=\"read-more\" href=\"https:\/\/lovelybrows.ch\/fr\/nous-fetons-les-5-ans-de-lovely-brows\/\" aria-label=\"Plus sur Nous f\u00eatons les 5 ans de Lovely Brows\">Lire plus<\/a><\/p>\n","protected":false},"author":16,"featured_media":2454,"comment_status":"open","ping_status":"open","sticky":false,"template":"","format":"standard","meta":{"_jetpack_memberships_contains_paid_content":false,"footnotes":""},"categories":[62],"tags":[],"class_list":["post-2457","post","type-post","status-publish","format-standard","has-post-thumbnail","hentry","category-evenements"],"yoast_head":"<!-- This site is optimized with the Yoast SEO plugin v27.4 - https:\/\/yoast.com\/product\/yoast-seo-wordpress\/ -->\n<title>Nous f\u00eatons les 5 ans de Lovely Brows | Lovely Brows - perfekte Augenbrauen &amp; Wimpern<\/title>\n<meta name=\"robots\" content=\"index, follow, max-snippet:-1, max-image-preview:large, max-video-preview:-1\" \/>\n<link rel=\"canonical\" href=\"https:\/\/lovelybrows.ch\/fr\/nous-fetons-les-5-ans-de-lovely-brows\/\" \/>\n<meta property=\"og:locale\" content=\"fr_FR\" \/>\n<meta property=\"og:type\" content=\"article\" \/>\n<meta property=\"og:title\" content=\"Nous f\u00eatons les 5 ans de Lovely Brows | Lovely Brows - perfekte Augenbrauen &amp; Wimpern\" \/>\n<meta property=\"og:description\" content=\"Il y a exactement cinq ans, nous avons ouvert le premier Brow Bar \u00e0 Berne. Maintenant, quelques ann\u00e9es plus tard, nous sommes l\u00e0 pour nos clients dans cinq villes avec 20 employ\u00e9s. Nous ne devons tout cela qu&rsquo;\u00e0 nos fid\u00e8les clients. Merci beaucoup pour votre soutien, m\u00eame dans les moments difficiles comme la pand\u00e9mie ! ... Lire plus\" \/>\n<meta property=\"og:url\" content=\"https:\/\/lovelybrows.ch\/fr\/nous-fetons-les-5-ans-de-lovely-brows\/\" \/>\n<meta property=\"og:site_name\" content=\"Lovely Brows - perfekte Augenbrauen &amp; Wimpern\" \/>\n<meta property=\"article:publisher\" content=\"https:\/\/www.facebook.com\/lovelybrows\" \/>\n<meta property=\"article:published_time\" content=\"2022-03-07T07:15:15+00:00\" \/>\n<meta property=\"article:modified_time\" content=\"2023-03-02T15:21:36+00:00\" \/>\n<meta property=\"og:image\" content=\"https:\/\/lovelybrows.ch\/wp-content\/uploads\/2022\/03\/Jubilaeum_Blog.png\" \/>\n\t<meta property=\"og:image:width\" content=\"800\" \/>\n\t<meta property=\"og:image:height\" content=\"533\" \/>\n\t<meta property=\"og:image:type\" content=\"image\/png\" \/>\n<meta name=\"author\" content=\"Lovely Brows\" \/>\n<meta name=\"twitter:card\" content=\"summary_large_image\" \/>\n<meta name=\"twitter:label1\" content=\"\u00c9crit par\" \/>\n\t<meta name=\"twitter:data1\" content=\"Lovely Brows\" \/>\n\t<meta name=\"twitter:label2\" content=\"Dur\u00e9e de lecture estim\u00e9e\" \/>\n\t<meta name=\"twitter:data2\" content=\"1 minute\" \/>\n<script type=\"application\/ld+json\" class=\"yoast-schema-graph\">{\"@context\":\"https:\\\/\\\/schema.org\",\"@graph\":[{\"@type\":\"Article\",\"@id\":\"https:\\\/\\\/lovelybrows.ch\\\/fr\\\/nous-fetons-les-5-ans-de-lovely-brows\\\/#article\",\"isPartOf\":{\"@id\":\"https:\\\/\\\/lovelybrows.ch\\\/fr\\\/nous-fetons-les-5-ans-de-lovely-brows\\\/\"},\"author\":{\"name\":\"Lovely Brows\",\"@id\":\"https:\\\/\\\/lovelybrows.ch\\\/#\\\/schema\\\/person\\\/b781280f31d3cdfc107da5e2c994be8d\"},\"headline\":\"Nous f\u00eatons les 5 ans de Lovely Brows\",\"datePublished\":\"2022-03-07T07:15:15+00:00\",\"dateModified\":\"2023-03-02T15:21:36+00:00\",\"mainEntityOfPage\":{\"@id\":\"https:\\\/\\\/lovelybrows.ch\\\/fr\\\/nous-fetons-les-5-ans-de-lovely-brows\\\/\"},\"wordCount\":156,\"commentCount\":0,\"publisher\":{\"@id\":\"https:\\\/\\\/lovelybrows.ch\\\/#organization\"},\"image\":{\"@id\":\"https:\\\/\\\/lovelybrows.ch\\\/fr\\\/nous-fetons-les-5-ans-de-lovely-brows\\\/#primaryimage\"},\"thumbnailUrl\":\"https:\\\/\\\/lovelybrows.ch\\\/wp-content\\\/uploads\\\/2022\\\/03\\\/Jubilaeum_Blog.png\",\"articleSection\":[\"\u00c9v\u00e9nements\"],\"inLanguage\":\"fr-FR\",\"potentialAction\":[{\"@type\":\"CommentAction\",\"name\":\"Comment\",\"target\":[\"https:\\\/\\\/lovelybrows.ch\\\/fr\\\/nous-fetons-les-5-ans-de-lovely-brows\\\/#respond\"]}]},{\"@type\":\"WebPage\",\"@id\":\"https:\\\/\\\/lovelybrows.ch\\\/fr\\\/nous-fetons-les-5-ans-de-lovely-brows\\\/\",\"url\":\"https:\\\/\\\/lovelybrows.ch\\\/fr\\\/nous-fetons-les-5-ans-de-lovely-brows\\\/\",\"name\":\"Nous f\u00eatons les 5 ans de Lovely Brows | Lovely Brows - perfekte Augenbrauen &amp; Wimpern\",\"isPartOf\":{\"@id\":\"https:\\\/\\\/lovelybrows.ch\\\/#website\"},\"primaryImageOfPage\":{\"@id\":\"https:\\\/\\\/lovelybrows.ch\\\/fr\\\/nous-fetons-les-5-ans-de-lovely-brows\\\/#primaryimage\"},\"image\":{\"@id\":\"https:\\\/\\\/lovelybrows.ch\\\/fr\\\/nous-fetons-les-5-ans-de-lovely-brows\\\/#primaryimage\"},\"thumbnailUrl\":\"https:\\\/\\\/lovelybrows.ch\\\/wp-content\\\/uploads\\\/2022\\\/03\\\/Jubilaeum_Blog.png\",\"datePublished\":\"2022-03-07T07:15:15+00:00\",\"dateModified\":\"2023-03-02T15:21:36+00:00\",\"breadcrumb\":{\"@id\":\"https:\\\/\\\/lovelybrows.ch\\\/fr\\\/nous-fetons-les-5-ans-de-lovely-brows\\\/#breadcrumb\"},\"inLanguage\":\"fr-FR\",\"potentialAction\":[{\"@type\":\"ReadAction\",\"target\":[\"https:\\\/\\\/lovelybrows.ch\\\/fr\\\/nous-fetons-les-5-ans-de-lovely-brows\\\/\"]}]},{\"@type\":\"ImageObject\",\"inLanguage\":\"fr-FR\",\"@id\":\"https:\\\/\\\/lovelybrows.ch\\\/fr\\\/nous-fetons-les-5-ans-de-lovely-brows\\\/#primaryimage\",\"url\":\"https:\\\/\\\/lovelybrows.ch\\\/wp-content\\\/uploads\\\/2022\\\/03\\\/Jubilaeum_Blog.png\",\"contentUrl\":\"https:\\\/\\\/lovelybrows.ch\\\/wp-content\\\/uploads\\\/2022\\\/03\\\/Jubilaeum_Blog.png\",\"width\":800,\"height\":533},{\"@type\":\"BreadcrumbList\",\"@id\":\"https:\\\/\\\/lovelybrows.ch\\\/fr\\\/nous-fetons-les-5-ans-de-lovely-brows\\\/#breadcrumb\",\"itemListElement\":[{\"@type\":\"ListItem\",\"position\":1,\"name\":\"Startseite\",\"item\":\"https:\\\/\\\/lovelybrows.ch\\\/fr\\\/\"},{\"@type\":\"ListItem\",\"position\":2,\"name\":\"Nous f\u00eatons les 5 ans de Lovely Brows\"}]},{\"@type\":\"WebSite\",\"@id\":\"https:\\\/\\\/lovelybrows.ch\\\/#website\",\"url\":\"https:\\\/\\\/lovelybrows.ch\\\/\",\"name\":\"Lovely Brows - perfekte Augenbrauen &amp; Wimpern\",\"description\":\"Perfekte Wimpern und Augenbrauen ohne Termin.\",\"publisher\":{\"@id\":\"https:\\\/\\\/lovelybrows.ch\\\/#organization\"},\"potentialAction\":[{\"@type\":\"SearchAction\",\"target\":{\"@type\":\"EntryPoint\",\"urlTemplate\":\"https:\\\/\\\/lovelybrows.ch\\\/?s={search_term_string}\"},\"query-input\":{\"@type\":\"PropertyValueSpecification\",\"valueRequired\":true,\"valueName\":\"search_term_string\"}}],\"inLanguage\":\"fr-FR\"},{\"@type\":\"Organization\",\"@id\":\"https:\\\/\\\/lovelybrows.ch\\\/#organization\",\"name\":\"Lovely Brows GmbH\",\"url\":\"https:\\\/\\\/lovelybrows.ch\\\/\",\"logo\":{\"@type\":\"ImageObject\",\"inLanguage\":\"fr-FR\",\"@id\":\"https:\\\/\\\/lovelybrows.ch\\\/#\\\/schema\\\/logo\\\/image\\\/\",\"url\":\"https:\\\/\\\/neu.lovelybrows.cyon.site\\\/neu\\\/wp-content\\\/uploads\\\/2021\\\/12\\\/lovely-brows-Logo_rgb-1.png\",\"contentUrl\":\"https:\\\/\\\/neu.lovelybrows.cyon.site\\\/neu\\\/wp-content\\\/uploads\\\/2021\\\/12\\\/lovely-brows-Logo_rgb-1.png\",\"width\":1576,\"height\":222,\"caption\":\"Lovely Brows GmbH\"},\"image\":{\"@id\":\"https:\\\/\\\/lovelybrows.ch\\\/#\\\/schema\\\/logo\\\/image\\\/\"},\"sameAs\":[\"https:\\\/\\\/www.facebook.com\\\/lovelybrows\",\"https:\\\/\\\/www.instagram.com\\\/lovelybrows_eyebrowdesign\\\/\",\"https:\\\/\\\/www.youtube.com\\\/channel\\\/UCDgUTnGnEDmOrZiwBZS6zOQ\"]},{\"@type\":\"Person\",\"@id\":\"https:\\\/\\\/lovelybrows.ch\\\/#\\\/schema\\\/person\\\/b781280f31d3cdfc107da5e2c994be8d\",\"name\":\"Lovely Brows\",\"image\":{\"@type\":\"ImageObject\",\"inLanguage\":\"fr-FR\",\"@id\":\"https:\\\/\\\/secure.gravatar.com\\\/avatar\\\/622c63b79138534532b02443df19145f40dc03b094873fc0bd1bebd6fde0b8c6?s=96&d=mm&r=g\",\"url\":\"https:\\\/\\\/secure.gravatar.com\\\/avatar\\\/622c63b79138534532b02443df19145f40dc03b094873fc0bd1bebd6fde0b8c6?s=96&d=mm&r=g\",\"contentUrl\":\"https:\\\/\\\/secure.gravatar.com\\\/avatar\\\/622c63b79138534532b02443df19145f40dc03b094873fc0bd1bebd6fde0b8c6?s=96&d=mm&r=g\",\"caption\":\"Lovely Brows\"},\"url\":\"https:\\\/\\\/lovelybrows.ch\\\/fr\\\/author\\\/lovelybrows\\\/\"}]}<\/script>\n<!-- \/ Yoast SEO plugin. -->","yoast_head_json":{"title":"Nous f\u00eatons les 5 ans de Lovely Brows | Lovely Brows - perfekte Augenbrauen &amp; Wimpern","robots":{"index":"index","follow":"follow","max-snippet":"max-snippet:-1","max-image-preview":"max-image-preview:large","max-video-preview":"max-video-preview:-1"},"canonical":"https:\/\/lovelybrows.ch\/fr\/nous-fetons-les-5-ans-de-lovely-brows\/","og_locale":"fr_FR","og_type":"article","og_title":"Nous f\u00eatons les 5 ans de Lovely Brows | Lovely Brows - perfekte Augenbrauen &amp; Wimpern","og_description":"Il y a exactement cinq ans, nous avons ouvert le premier Brow Bar \u00e0 Berne. Maintenant, quelques ann\u00e9es plus tard, nous sommes l\u00e0 pour nos clients dans cinq villes avec 20 employ\u00e9s. Nous ne devons tout cela qu&rsquo;\u00e0 nos fid\u00e8les clients. Merci beaucoup pour votre soutien, m\u00eame dans les moments difficiles comme la pand\u00e9mie ! ... Lire plus","og_url":"https:\/\/lovelybrows.ch\/fr\/nous-fetons-les-5-ans-de-lovely-brows\/","og_site_name":"Lovely Brows - perfekte Augenbrauen &amp; Wimpern","article_publisher":"https:\/\/www.facebook.com\/lovelybrows","article_published_time":"2022-03-07T07:15:15+00:00","article_modified_time":"2023-03-02T15:21:36+00:00","og_image":[{"width":800,"height":533,"url":"https:\/\/lovelybrows.ch\/wp-content\/uploads\/2022\/03\/Jubilaeum_Blog.png","type":"image\/png"}],"author":"Lovely Brows","twitter_card":"summary_large_image","twitter_misc":{"\u00c9crit par":"Lovely Brows","Dur\u00e9e de lecture estim\u00e9e":"1 minute"},"schema":{"@context":"https:\/\/schema.org","@graph":[{"@type":"Article","@id":"https:\/\/lovelybrows.ch\/fr\/nous-fetons-les-5-ans-de-lovely-brows\/#article","isPartOf":{"@id":"https:\/\/lovelybrows.ch\/fr\/nous-fetons-les-5-ans-de-lovely-brows\/"},"author":{"name":"Lovely Brows","@id":"https:\/\/lovelybrows.ch\/#\/schema\/person\/b781280f31d3cdfc107da5e2c994be8d"},"headline":"Nous f\u00eatons les 5 ans de Lovely Brows","datePublished":"2022-03-07T07:15:15+00:00","dateModified":"2023-03-02T15:21:36+00:00","mainEntityOfPage":{"@id":"https:\/\/lovelybrows.ch\/fr\/nous-fetons-les-5-ans-de-lovely-brows\/"},"wordCount":156,"commentCount":0,"publisher":{"@id":"https:\/\/lovelybrows.ch\/#organization"},"image":{"@id":"https:\/\/lovelybrows.ch\/fr\/nous-fetons-les-5-ans-de-lovely-brows\/#primaryimage"},"thumbnailUrl":"https:\/\/lovelybrows.ch\/wp-content\/uploads\/2022\/03\/Jubilaeum_Blog.png","articleSection":["\u00c9v\u00e9nements"],"inLanguage":"fr-FR","potentialAction":[{"@type":"CommentAction","name":"Comment","target":["https:\/\/lovelybrows.ch\/fr\/nous-fetons-les-5-ans-de-lovely-brows\/#respond"]}]},{"@type":"WebPage","@id":"https:\/\/lovelybrows.ch\/fr\/nous-fetons-les-5-ans-de-lovely-brows\/","url":"https:\/\/lovelybrows.ch\/fr\/nous-fetons-les-5-ans-de-lovely-brows\/","name":"Nous f\u00eatons les 5 ans de Lovely Brows | Lovely Brows - perfekte Augenbrauen &amp; Wimpern","isPartOf":{"@id":"https:\/\/lovelybrows.ch\/#website"},"primaryImageOfPage":{"@id":"https:\/\/lovelybrows.ch\/fr\/nous-fetons-les-5-ans-de-lovely-brows\/#primaryimage"},"image":{"@id":"https:\/\/lovelybrows.ch\/fr\/nous-fetons-les-5-ans-de-lovely-brows\/#primaryimage"},"thumbnailUrl":"https:\/\/lovelybrows.ch\/wp-content\/uploads\/2022\/03\/Jubilaeum_Blog.png","datePublished":"2022-03-07T07:15:15+00:00","dateModified":"2023-03-02T15:21:36+00:00","breadcrumb":{"@id":"https:\/\/lovelybrows.ch\/fr\/nous-fetons-les-5-ans-de-lovely-brows\/#breadcrumb"},"inLanguage":"fr-FR","potentialAction":[{"@type":"ReadAction","target":["https:\/\/lovelybrows.ch\/fr\/nous-fetons-les-5-ans-de-lovely-brows\/"]}]},{"@type":"ImageObject","inLanguage":"fr-FR","@id":"https:\/\/lovelybrows.ch\/fr\/nous-fetons-les-5-ans-de-lovely-brows\/#primaryimage","url":"https:\/\/lovelybrows.ch\/wp-content\/uploads\/2022\/03\/Jubilaeum_Blog.png","contentUrl":"https:\/\/lovelybrows.ch\/wp-content\/uploads\/2022\/03\/Jubilaeum_Blog.png","width":800,"height":533},{"@type":"BreadcrumbList","@id":"https:\/\/lovelybrows.ch\/fr\/nous-fetons-les-5-ans-de-lovely-brows\/#breadcrumb","itemListElement":[{"@type":"ListItem","position":1,"name":"Startseite","item":"https:\/\/lovelybrows.ch\/fr\/"},{"@type":"ListItem","position":2,"name":"Nous f\u00eatons les 5 ans de Lovely Brows"}]},{"@type":"WebSite","@id":"https:\/\/lovelybrows.ch\/#website","url":"https:\/\/lovelybrows.ch\/","name":"Lovely Brows - perfekte Augenbrauen &amp; Wimpern","description":"Perfekte Wimpern und Augenbrauen ohne Termin.","publisher":{"@id":"https:\/\/lovelybrows.ch\/#organization"},"potentialAction":[{"@type":"SearchAction","target":{"@type":"EntryPoint","urlTemplate":"https:\/\/lovelybrows.ch\/?s={search_term_string}"},"query-input":{"@type":"PropertyValueSpecification","valueRequired":true,"valueName":"search_term_string"}}],"inLanguage":"fr-FR"},{"@type":"Organization","@id":"https:\/\/lovelybrows.ch\/#organization","name":"Lovely Brows GmbH","url":"https:\/\/lovelybrows.ch\/","logo":{"@type":"ImageObject","inLanguage":"fr-FR","@id":"https:\/\/lovelybrows.ch\/#\/schema\/logo\/image\/","url":"https:\/\/neu.lovelybrows.cyon.site\/neu\/wp-content\/uploads\/2021\/12\/lovely-brows-Logo_rgb-1.png","contentUrl":"https:\/\/neu.lovelybrows.cyon.site\/neu\/wp-content\/uploads\/2021\/12\/lovely-brows-Logo_rgb-1.png","width":1576,"height":222,"caption":"Lovely Brows GmbH"},"image":{"@id":"https:\/\/lovelybrows.ch\/#\/schema\/logo\/image\/"},"sameAs":["https:\/\/www.facebook.com\/lovelybrows","https:\/\/www.instagram.com\/lovelybrows_eyebrowdesign\/","https:\/\/www.youtube.com\/channel\/UCDgUTnGnEDmOrZiwBZS6zOQ"]},{"@type":"Person","@id":"https:\/\/lovelybrows.ch\/#\/schema\/person\/b781280f31d3cdfc107da5e2c994be8d","name":"Lovely Brows","image":{"@type":"ImageObject","inLanguage":"fr-FR","@id":"https:\/\/secure.gravatar.com\/avatar\/622c63b79138534532b02443df19145f40dc03b094873fc0bd1bebd6fde0b8c6?s=96&d=mm&r=g","url":"https:\/\/secure.gravatar.com\/avatar\/622c63b79138534532b02443df19145f40dc03b094873fc0bd1bebd6fde0b8c6?s=96&d=mm&r=g","contentUrl":"https:\/\/secure.gravatar.com\/avatar\/622c63b79138534532b02443df19145f40dc03b094873fc0bd1bebd6fde0b8c6?s=96&d=mm&r=g","caption":"Lovely Brows"},"url":"https:\/\/lovelybrows.ch\/fr\/author\/lovelybrows\/"}]}},"jetpack_featured_media_url":"https:\/\/lovelybrows.ch\/wp-content\/uploads\/2022\/03\/Jubilaeum_Blog.png","jetpack_sharing_enabled":true,"_links":{"self":[{"href":"https:\/\/lovelybrows.ch\/fr\/wp-json\/wp\/v2\/posts\/2457","targetHints":{"allow":["GET"]}}],"collection":[{"href":"https:\/\/lovelybrows.ch\/fr\/wp-json\/wp\/v2\/posts"}],"about":[{"href":"https:\/\/lovelybrows.ch\/fr\/wp-json\/wp\/v2\/types\/post"}],"author":[{"embeddable":true,"href":"https:\/\/lovelybrows.ch\/fr\/wp-json\/wp\/v2\/users\/16"}],"replies":[{"embeddable":true,"href":"https:\/\/lovelybrows.ch\/fr\/wp-json\/wp\/v2\/comments?post=2457"}],"version-history":[{"count":3,"href":"https:\/\/lovelybrows.ch\/fr\/wp-json\/wp\/v2\/posts\/2457\/revisions"}],"predecessor-version":[{"id":4095,"href":"https:\/\/lovelybrows.ch\/fr\/wp-json\/wp\/v2\/posts\/2457\/revisions\/4095"}],"wp:featuredmedia":[{"embeddable":true,"href":"https:\/\/lovelybrows.ch\/fr\/wp-json\/wp\/v2\/media\/2454"}],"wp:attachment":[{"href":"https:\/\/lovelybrows.ch\/fr\/wp-json\/wp\/v2\/media?parent=2457"}],"wp:term":[{"taxonomy":"category","embeddable":true,"href":"https:\/\/lovelybrows.ch\/fr\/wp-json\/wp\/v2\/categories?post=2457"},{"taxonomy":"post_tag","embeddable":true,"href":"https:\/\/lovelybrows.ch\/fr\/wp-json\/wp\/v2\/tags?post=2457"}],"curies":[{"name":"wp","href":"https:\/\/api.w.org\/{rel}","templated":true}]}}